{"id":1801,"date":"2024-11-03T10:17:52","date_gmt":"2024-11-03T08:17:52","guid":{"rendered":"http:\/\/josemanuelcardiel.com\/?p=1801"},"modified":"2025-02-03T10:52:11","modified_gmt":"2025-02-03T08:52:11","slug":"exito-rotundo-de-cardiel-en-el-espejo-de-pollock-en-zaragoza","status":"publish","type":"post","link":"https:\/\/josemanuelcardiel.com\/en\/cardiels-resounding-success-in-pollocks-mirror-in-zaragoza\/","title":{"rendered":"\u201cCardiel in Pollock\u2019s Mirror\u201d is a resounding success in Zaragoza"},"content":{"rendered":"<p>The exhibition \u201cCardiel in Pollock\u2019s Mirror\u201d, which took place at the Espacio Caja Rural de Arag\u00f3n from September 11 to October 31, 2024, has concluded with an extraordinarily positive outcome. The exhibition, which fused the world of medicine with abstract expressionism, attracted more than 5,000 visitors during its seven-week run.<\/p>\n\n\n\n<h2 class=\"wp-block-heading\">Exhibition highlights<\/h2>\n\n\n\n<h3 class=\"wp-block-heading\">Works and techniques<\/h3>\n\n\n\n<p>The exhibition featured 30 works by Dr. Jos\u00e9 Manuel Cardiel, maxillofacial surgeon and artist. The pieces, created between 2020 and 2024, explored various techniques inspired by the&nbsp;<em>action painting<\/em>&nbsp;by Jackson Pollock:<\/p>\n\n\n\n<p><strong>Dripping<\/strong>: Used in works such as \u201cPrimitive Ritual\u201d (2022).<br><strong>Pouring<\/strong>: Applied in \u201cUkraine on Fire\u201d (2023).<br>Use of medical instruments such as spatulas and syringes to apply paint.<\/p>\n\n\n\n<h3 class=\"wp-block-heading\">Topics covered<\/h3>\n\n\n\n<p>Cardiel managed to transcend pure abstraction, incorporating social and emotional references into his canvases. Some notable works included:<\/p>\n\n\n\n<p>\u00abThe silenced cry\u00bb (2024): A powerful reflection on gender violence.<br>\u00abBiomorfosis\u00bb (2021): Exploration of human fragility through organic lines.<\/p>\n\n\n\n<h3 class=\"wp-block-heading\">Impact and reception<\/h3>\n\n\n\n<p>The exhibition attracted not only art lovers, but also medical professionals interested in the intersection of science and creativity. The guided tours on Thursdays proved particularly popular, with an average attendance of 50 people per session.<\/p>\n\n\n\n<h3 class=\"wp-block-heading\">Criticism and recognition<\/h3>\n\n\n\n<p>Several art critics praised Cardiel&#039;s ability to fuse his surgical experience with artistic expression. The magazine Arte Actual described the exhibition as &quot;a revelation that redefines the boundaries between disciplines.&quot;<\/p>\n\n\n\n<h2 class=\"wp-block-heading\">Legacy and future<\/h2>\n\n\n\n<p>The success of \u201cCardiel in Pollock\u2019s Mirror\u201d has generated interest in other exhibition spaces. It has been announced that a selection of works will travel to Madrid and Barcelona in 2025, thus expanding the scope and impact of this unique artistic proposal. The Caja Rural de Arag\u00f3n Foundation, satisfied with the reception of the exhibition, has expressed its intention to continue supporting initiatives that explore the intersection between science and art, consolidating its role as a cultural promoter in the region.<\/p>\n\n\n\n<div class=\"wp-block-uagb-container uagb-block-69bec905 alignfull uagb-is-root-container\"><div class=\"uagb-container-inner-blocks-wrap\">\n<figure class=\"wp-block-embed is-type-video is-provider-youtube wp-block-embed-youtube wp-embed-aspect-16-9 wp-has-aspect-ratio\"><div class=\"wp-block-embed__wrapper\">\n<iframe loading=\"lazy\" title=\"OPENING OF CARDIEL EXHIBITION IN POLLOCK&#039;S MIRROR\" width=\"500\" height=\"281\" src=\"https:\/\/www.youtube.com\/embed\/aoF7c26JOsg?feature=oembed\" frameborder=\"0\" allow=\"accelerometer; autoplay; clipboard-write; encrypted-media; gyroscope; picture-in-picture; web-share\" referrerpolicy=\"strict-origin-when-cross-origin\" allowfullscreen><\/iframe>\n<\/div><\/figure>\n\n\n\n<figure class=\"wp-block-embed is-type-video is-provider-youtube wp-block-embed-youtube wp-embed-aspect-16-9 wp-has-aspect-ratio\"><div class=\"wp-block-embed__wrapper\">\n<iframe loading=\"lazy\" title=\"CARDIEL IN POLLOCK&#039;S MIRROR | This Is Aragon\" width=\"500\" height=\"281\" src=\"https:\/\/www.youtube.com\/embed\/aQQGKjj7W_E?feature=oembed\" frameborder=\"0\" allow=\"accelerometer; autoplay; clipboard-write; encrypted-media; gyroscope; picture-in-picture; web-share\" referrerpolicy=\"strict-origin-when-cross-origin\" allowfullscreen><\/iframe>\n<\/div><\/figure>\n<\/div><\/div>","protected":false},"excerpt":{"rendered":"<p>La exposici\u00f3n \u00abCardiel en el espejo de Pollock\u00bb, que tuvo lugar en el Espacio Caja Rural de Arag\u00f3n del 11 de septiembre al 31 de octubre de 2024, ha concluido con un balance extraordinariamente positivo. La muestra, que fusion\u00f3 el mundo de la medicina con el expresionismo abstracto, atrajo a m\u00e1s de 5,000 visitantes durante sus siete semanas de duraci\u00f3n. Aspectos destacados de la exposici\u00f3n Obras y t\u00e9cnicas La exposici\u00f3n present\u00f3 30 obras del Dr. Jos\u00e9 Manuel Cardiel, cirujano maxilofacial y artista. Las piezas, creadas entre 2020 y 2024, exploraron diversas t\u00e9cnicas inspiradas en el&nbsp;action painting&nbsp;de Jackson Pollock: Dripping: Utilizado en obras como \u00abRitual primitivo\u00bb (2022).Pouring: Aplicado en \u00abUcrania en llamas\u00bb (2023).Uso de instrumentos m\u00e9dicos como esp\u00e1tulas y jeringuillas para aplicar pintura. Tem\u00e1ticas abordadas Cardiel logr\u00f3 trascender la abstracci\u00f3n pura, incorporando referencias sociales y emocionales en sus lienzos. Algunas obras notables incluyeron: \u00abEl grito silenciado\u00bb (2024): Una poderosa reflexi\u00f3n sobre la violencia de g\u00e9nero.\u00abBiomorfosis\u00bb (2021): Exploraci\u00f3n de la fragilidad humana a trav\u00e9s de trazos org\u00e1nicos. Impacto y recepci\u00f3n La exposici\u00f3n no solo atrajo a amantes del arte, sino tambi\u00e9n a profesionales de la medicina interesados en la intersecci\u00f3n entre ciencia y creatividad. Las visitas guiadas de los jueves resultaron especialmente [&hellip;]<\/p>\n","protected":false},"author":1,"featured_media":1755,"comment_status":"closed","ping_status":"closed","sticky":false,"template":"","format":"standard","meta":{"_uag_custom_page_level_css":"","site-sidebar-layout":"default","site-content-layout":"","ast-site-content-layout":"default","site-content-style":"default","site-sidebar-style":"default","ast-global-header-display":"","ast-banner-title-visibility":"","ast-main-header-display":"","ast-hfb-above-header-display":"","ast-hfb-below-header-display":"","ast-hfb-mobile-header-display":"","site-post-title":"","ast-breadcrumbs-content":"","ast-featured-img":"","footer-sml-layout":"","ast-disable-related-posts":"","theme-transparent-header-meta":"","adv-header-id-meta":"","stick-header-meta":"","header-above-stick-meta":"","header-main-stick-meta":"","header-below-stick-meta":"","astra-migrate-meta-layouts":"set","ast-page-background-enabled":"default","ast-page-background-meta":{"desktop":{"background-color":"var(--ast-global-color-4)","background-image":"","background-repeat":"repeat","background-position":"center center","background-size":"auto","background-attachment":"scroll","background-type":"","background-media":"","overlay-type":"","overlay-color":"","overlay-opacity":"","overlay-gradient":""},"tablet":{"background-color":"","background-image":"","background-repeat":"repeat","background-position":"center center","background-size":"auto","background-attachment":"scroll","background-type":"","background-media":"","overlay-type":"","overlay-color":"","overlay-opacity":"","overlay-gradient":""},"mobile":{"background-color":"","background-image":"","background-repeat":"repeat","background-position":"center center","background-size":"auto","background-attachment":"scroll","background-type":"","background-media":"","overlay-type":"","overlay-color":"","overlay-opacity":"","overlay-gradient":""}},"ast-content-background-meta":{"desktop":{"background-color":"var(--ast-global-color-5)","background-image":"","background-repeat":"repeat","background-position":"center center","background-size":"auto","background-attachment":"scroll","background-type":"","background-media":"","overlay-type":"","overlay-color":"","overlay-opacity":"","overlay-gradient":""},"tablet":{"background-color":"var(--ast-global-color-5)","background-image":"","background-repeat":"repeat","background-position":"center center","background-size":"auto","background-attachment":"scroll","background-type":"","background-media":"","overlay-type":"","overlay-color":"","overlay-opacity":"","overlay-gradient":""},"mobile":{"background-color":"var(--ast-global-color-5)","background-image":"","background-repeat":"repeat","background-position":"center center","background-size":"auto","background-attachment":"scroll","background-type":"","background-media":"","overlay-type":"","overlay-color":"","overlay-opacity":"","overlay-gradient":""}},"ngg_post_thumbnail":0,"footnotes":""},"categories":[15],"tags":[],"class_list":["post-1801","post","type-post","status-publish","format-standard","has-post-thumbnail","hentry","category-blog"],"uagb_featured_image_src":{"full":["https:\/\/josemanuelcardiel.com\/wp-content\/uploads\/2024\/10\/240911-Cardiel-980x551-1.jpg",980,551,false],"thumbnail":["https:\/\/josemanuelcardiel.com\/wp-content\/uploads\/2024\/10\/240911-Cardiel-980x551-1-150x150.jpg",150,150,true],"medium":["https:\/\/josemanuelcardiel.com\/wp-content\/uploads\/2024\/10\/240911-Cardiel-980x551-1-300x169.jpg",300,169,true],"medium_large":["https:\/\/josemanuelcardiel.com\/wp-content\/uploads\/2024\/10\/240911-Cardiel-980x551-1-768x432.jpg",768,432,true],"large":["https:\/\/josemanuelcardiel.com\/wp-content\/uploads\/2024\/10\/240911-Cardiel-980x551-1.jpg",980,551,false],"1536x1536":["https:\/\/josemanuelcardiel.com\/wp-content\/uploads\/2024\/10\/240911-Cardiel-980x551-1.jpg",980,551,false],"2048x2048":["https:\/\/josemanuelcardiel.com\/wp-content\/uploads\/2024\/10\/240911-Cardiel-980x551-1.jpg",980,551,false],"trp-custom-language-flag":["https:\/\/josemanuelcardiel.com\/wp-content\/uploads\/2024\/10\/240911-Cardiel-980x551-1-18x10.jpg",18,10,true],"ultp_layout_landscape_large":["https:\/\/josemanuelcardiel.com\/wp-content\/uploads\/2024\/10\/240911-Cardiel-980x551-1.jpg",980,551,false],"ultp_layout_landscape":["https:\/\/josemanuelcardiel.com\/wp-content\/uploads\/2024\/10\/240911-Cardiel-980x551-1-870x551.jpg",870,551,true],"ultp_layout_portrait":["https:\/\/josemanuelcardiel.com\/wp-content\/uploads\/2024\/10\/240911-Cardiel-980x551-1-600x551.jpg",600,551,true],"ultp_layout_square":["https:\/\/josemanuelcardiel.com\/wp-content\/uploads\/2024\/10\/240911-Cardiel-980x551-1-600x551.jpg",600,551,true]},"uagb_author_info":{"display_name":"admin","author_link":"https:\/\/josemanuelcardiel.com\/en\/author\/admin\/"},"uagb_comment_info":0,"uagb_excerpt":"La exposici\u00f3n \u00abCardiel en el espejo de Pollock\u00bb, que tuvo lugar en el Espacio Caja Rural de Arag\u00f3n del 11 de septiembre al 31 de octubre de 2024, ha concluido con un balance extraordinariamente positivo. La muestra, que fusion\u00f3 el mundo de la medicina con el expresionismo abstracto, atrajo a m\u00e1s de 5,000 visitantes durante&hellip;","_links":{"self":[{"href":"https:\/\/josemanuelcardiel.com\/en\/wp-json\/wp\/v2\/posts\/1801","targetHints":{"allow":["GET"]}}],"collection":[{"href":"https:\/\/josemanuelcardiel.com\/en\/wp-json\/wp\/v2\/posts"}],"about":[{"href":"https:\/\/josemanuelcardiel.com\/en\/wp-json\/wp\/v2\/types\/post"}],"author":[{"embeddable":true,"href":"https:\/\/josemanuelcardiel.com\/en\/wp-json\/wp\/v2\/users\/1"}],"replies":[{"embeddable":true,"href":"https:\/\/josemanuelcardiel.com\/en\/wp-json\/wp\/v2\/comments?post=1801"}],"version-history":[{"count":2,"href":"https:\/\/josemanuelcardiel.com\/en\/wp-json\/wp\/v2\/posts\/1801\/revisions"}],"predecessor-version":[{"id":1807,"href":"https:\/\/josemanuelcardiel.com\/en\/wp-json\/wp\/v2\/posts\/1801\/revisions\/1807"}],"wp:featuredmedia":[{"embeddable":true,"href":"https:\/\/josemanuelcardiel.com\/en\/wp-json\/wp\/v2\/media\/1755"}],"wp:attachment":[{"href":"https:\/\/josemanuelcardiel.com\/en\/wp-json\/wp\/v2\/media?parent=1801"}],"wp:term":[{"taxonomy":"category","embeddable":true,"href":"https:\/\/josemanuelcardiel.com\/en\/wp-json\/wp\/v2\/categories?post=1801"},{"taxonomy":"post_tag","embeddable":true,"href":"https:\/\/josemanuelcardiel.com\/en\/wp-json\/wp\/v2\/tags?post=1801"}],"curies":[{"name":"wp","href":"https:\/\/api.w.org\/{rel}","templated":true}]}}